{"id":336,"date":"1970-01-01T00:00:00","date_gmt":"1970-01-01T00:00:00","guid":{"rendered":"https:\/\/www.danosa.com\/es-es\/blog\/2021\/07\/06\/danosa-redobla-su-apuesta-por-la-innovacin-y-la-eficiencia-energtica-sumndose-al-consorcio-passivhaus\/"},"modified":"2023-11-11T00:50:16","modified_gmt":"2023-11-10T23:50:16","slug":"el-30-del-calor-de-las-viviendas-se-esfuma-por-el-tejado-segun-danosa","status":"publish","type":"post","link":"https:\/\/www.danosa.com\/es-es\/1970\/01\/el-30-del-calor-de-las-viviendas-se-esfuma-por-el-tejado-segun-danosa\/","title":{"rendered":"El 30% del calor de las viviendas se esfuma por el tejado, seg\u00fan Danosa"},"content":{"rendered":"<p>Aunque el invierno a\u00fan no ha empezado de forma oficial, el fr\u00edo ya se ha instalado en nuestras vidas y los hogares se preparan para su particular \u2018v\u00eda crucis\u2019 con la factura de la calefacci\u00f3n. Ahora bien, esta factura podr\u00eda verse reducida considerablemente si las viviendas estuvieran lo suficientemente protegidas como para no sufrir p\u00e9rdidas innecesarias de calor. Y es que los inmuebles tienen una serie de puntos cr\u00edticos por los que se escapa la energ\u00eda, siendo el tejado el principal, ya que por \u00e9l se esfuma el 30% del calor de las viviendas, seg\u00fan el Mapa del Fr\u00edoelaborado por Danosa, especialista en soluciones integrales para la construcci\u00f3n sostenible.<br \/>\nLas cifras son para quedarse \u2018helado\u2019, ya que el 99% de las viviendas espa\u00f1olas sufre p\u00e9rdidas de calor innecesarias en invierno por su ineficiencia energ\u00e9tica, seg\u00fan Danosa. Esto se debe a que la mayor\u00eda no se acoge al C\u00f3digo T\u00e9cnico de Edificaci\u00f3n (CTE) de 2013 \u2013ya que fueron construidas anteriormente-, el cual marca las pautas b\u00e1sicas que deben cumplir las nuevas construcciones, como la protecci\u00f3n contra el fr\u00edo y el ahorro de energ\u00eda. Si bien estas fugas podr\u00edan reducirse hasta en un 70%si se emplease un buen sistema de aislamiento t\u00e9rmico, el cual tambi\u00e9n permite un ahorro equivalente en la factura de la calefacci\u00f3n, es decir,unos 400 euros anuales.<\/p>\n","protected":false},"excerpt":{"rendered":"<p>Danosa dibuja el Mapa del Fr\u00edo con los principales puntos cr\u00edticos de fuga de calor<\/p>\n","protected":false},"author":1,"featured_media":338,"comment_status":"open","ping_status":"open","sticky":false,"template":"","format":"standard","meta":{"inline_featured_image":false,"site-sidebar-layout":"default","site-content-layout":"default","ast-main-header-display":"","ast-hfb-above-header-display":"","ast-hfb-below-header-display":"","ast-hfb-mobile-header-display":"","site-post-title":"","ast-breadcrumbs-content":"","ast-featured-img":"","footer-sml-layout":"","theme-transparent-header-meta":"","adv-header-id-meta":"","stick-header-meta":"","header-above-stick-meta":"","header-main-stick-meta":"","header-below-stick-meta":""},"categories":[1],"tags":[],"acf":[],"yoast_head":"<!-- This site is optimized with the Yoast SEO plugin v18.1 - https:\/\/yoast.com\/wordpress\/plugins\/seo\/ -->\n<title>El 30% del calor de las viviendas se esfuma por el tejado seg\u00fan Danosa<\/title>\n<meta name=\"description\" content=\"Los hogares tienen varios puntos cr\u00edticos por donde se escapa la energ\u00eda, siendo el tejado el principal: por \u00e9l se esfuma el 30% del calor de las viviendas\" \/>\n<meta name=\"robots\" content=\"index, follow, max-snippet:-1, max-image-preview:large, max-video-preview:-1\" \/>\n<link rel=\"canonical\" href=\"https:\/\/www.danosa.com\/es-es\/1970\/01\/el-30-del-calor-de-las-viviendas-se-esfuma-por-el-tejado-segun-danosa\/\" \/>\n<meta property=\"og:locale\" content=\"es_ES\" \/>\n<meta property=\"og:type\" content=\"article\" \/>\n<meta property=\"og:title\" content=\"El 30% del calor de las viviendas se esfuma por el tejado seg\u00fan Danosa\" \/>\n<meta property=\"og:description\" content=\"Los hogares tienen varios puntos cr\u00edticos por donde se escapa la energ\u00eda, siendo el tejado el principal: por \u00e9l se esfuma el 30% del calor de las viviendas\" \/>\n<meta property=\"og:url\" content=\"https:\/\/www.danosa.com\/es-es\/1970\/01\/el-30-del-calor-de-las-viviendas-se-esfuma-por-el-tejado-segun-danosa\/\" \/>\n<meta property=\"og:site_name\" content=\"Danosa | Soluciones para la construcci\u00f3n\" \/>\n<meta property=\"article:publisher\" content=\"https:\/\/www.facebook.com\/aislamientoeimpermeabilizacion\/\" \/>\n<meta property=\"article:published_time\" content=\"1970-01-01T00:00:00+00:00\" \/>\n<meta property=\"article:modified_time\" content=\"2023-11-10T23:50:16+00:00\" \/>\n<meta property=\"og:image\" content=\"https:\/\/www.danosa.com\/es-es\/wp-content\/uploads\/sites\/2\/2021\/07\/NoticiasDetalle_FOTO-perdCalor-L1-1.jpg\" \/>\n\t<meta property=\"og:image:width\" content=\"180\" \/>\n\t<meta property=\"og:image:height\" content=\"81\" \/>\n\t<meta property=\"og:image:type\" content=\"image\/jpeg\" \/>\n<meta name=\"twitter:card\" content=\"summary_large_image\" \/>\n<meta name=\"twitter:creator\" content=\"@DANOSA_SPAIN\" \/>\n<meta name=\"twitter:site\" content=\"@DANOSA_SPAIN\" \/>\n<meta name=\"twitter:label1\" content=\"Escrito por\" \/>\n\t<meta name=\"twitter:data1\" content=\"myp\" \/>\n\t<meta name=\"twitter:label2\" content=\"Tiempo de lectura\" \/>\n\t<meta name=\"twitter:data2\" content=\"1 minuto\" \/>\n<script type=\"application\/ld+json\" class=\"yoast-schema-graph\">{\"@context\":\"https:\/\/schema.org\",\"@graph\":[{\"@type\":\"WebSite\",\"@id\":\"https:\/\/www.danosa.com\/es-es\/#website\",\"url\":\"https:\/\/www.danosa.com\/es-es\/\",\"name\":\"Danosa | Soluciones para la construcci\u00f3n\",\"description\":\"Impermeabilizaci\u00f3n, aislamiento ac\u00fastico y t\u00e9rmico\",\"potentialAction\":[{\"@type\":\"SearchAction\",\"target\":{\"@type\":\"EntryPoint\",\"urlTemplate\":\"https:\/\/www.danosa.com\/es-es\/?s={search_term_string}\"},\"query-input\":\"required name=search_term_string\"}],\"inLanguage\":\"es\"},{\"@type\":\"ImageObject\",\"@id\":\"https:\/\/www.danosa.com\/es-es\/1970\/01\/el-30-del-calor-de-las-viviendas-se-esfuma-por-el-tejado-segun-danosa\/#primaryimage\",\"inLanguage\":\"es\",\"url\":\"https:\/\/www.danosa.com\/es-es\/wp-content\/uploads\/sites\/2\/2021\/07\/NoticiasDetalle_FOTO-perdCalor-L1-1.jpg\",\"contentUrl\":\"https:\/\/www.danosa.com\/es-es\/wp-content\/uploads\/sites\/2\/2021\/07\/NoticiasDetalle_FOTO-perdCalor-L1-1.jpg\",\"width\":180,\"height\":81,\"caption\":\"El 30% del calor se va por el tejado de las viviendas\"},{\"@type\":\"WebPage\",\"@id\":\"https:\/\/www.danosa.com\/es-es\/1970\/01\/el-30-del-calor-de-las-viviendas-se-esfuma-por-el-tejado-segun-danosa\/#webpage\",\"url\":\"https:\/\/www.danosa.com\/es-es\/1970\/01\/el-30-del-calor-de-las-viviendas-se-esfuma-por-el-tejado-segun-danosa\/\",\"name\":\"El 30% del calor de las viviendas se esfuma por el tejado seg\u00fan Danosa\",\"isPartOf\":{\"@id\":\"https:\/\/www.danosa.com\/es-es\/#website\"},\"primaryImageOfPage\":{\"@id\":\"https:\/\/www.danosa.com\/es-es\/1970\/01\/el-30-del-calor-de-las-viviendas-se-esfuma-por-el-tejado-segun-danosa\/#primaryimage\"},\"datePublished\":\"1970-01-01T00:00:00+00:00\",\"dateModified\":\"2023-11-10T23:50:16+00:00\",\"author\":{\"@id\":\"https:\/\/www.danosa.com\/es-es\/#\/schema\/person\/1ffaf127bc8210b792407f6e87f3c330\"},\"description\":\"Los hogares tienen varios puntos cr\u00edticos por donde se escapa la energ\u00eda, siendo el tejado el principal: por \u00e9l se esfuma el 30% del calor de las viviendas\",\"breadcrumb\":{\"@id\":\"https:\/\/www.danosa.com\/es-es\/1970\/01\/el-30-del-calor-de-las-viviendas-se-esfuma-por-el-tejado-segun-danosa\/#breadcrumb\"},\"inLanguage\":\"es\",\"potentialAction\":[{\"@type\":\"ReadAction\",\"target\":[\"https:\/\/www.danosa.com\/es-es\/1970\/01\/el-30-del-calor-de-las-viviendas-se-esfuma-por-el-tejado-segun-danosa\/\"]}]},{\"@type\":\"BreadcrumbList\",\"@id\":\"https:\/\/www.danosa.com\/es-es\/1970\/01\/el-30-del-calor-de-las-viviendas-se-esfuma-por-el-tejado-segun-danosa\/#breadcrumb\",\"itemListElement\":[{\"@type\":\"ListItem\",\"position\":1,\"name\":\"Portada\",\"item\":\"https:\/\/www.danosa.com\/es-es\/\"},{\"@type\":\"ListItem\",\"position\":2,\"name\":\"El 30% del calor de las viviendas se esfuma por el tejado, seg\u00fan Danosa\"}]},{\"@type\":\"Person\",\"@id\":\"https:\/\/www.danosa.com\/es-es\/#\/schema\/person\/1ffaf127bc8210b792407f6e87f3c330\",\"name\":\"myp\",\"image\":{\"@type\":\"ImageObject\",\"@id\":\"https:\/\/www.danosa.com\/es-es\/#personlogo\",\"inLanguage\":\"es\",\"url\":\"https:\/\/secure.gravatar.com\/avatar\/fe605bdcbf75c6c57cb3943e4b9ed9af?s=96&d=mm&r=g\",\"contentUrl\":\"https:\/\/secure.gravatar.com\/avatar\/fe605bdcbf75c6c57cb3943e4b9ed9af?s=96&d=mm&r=g\",\"caption\":\"myp\"},\"sameAs\":[\"https:\/\/www.danosa.com\"]}]}<\/script>\n<!-- \/ Yoast SEO plugin. -->","yoast_head_json":{"title":"El 30% del calor de las viviendas se esfuma por el tejado seg\u00fan Danosa","description":"Los hogares tienen varios puntos cr\u00edticos por donde se escapa la energ\u00eda, siendo el tejado el principal: por \u00e9l se esfuma el 30% del calor de las viviendas","robots":{"index":"index","follow":"follow","max-snippet":"max-snippet:-1","max-image-preview":"max-image-preview:large","max-video-preview":"max-video-preview:-1"},"canonical":"https:\/\/www.danosa.com\/es-es\/1970\/01\/el-30-del-calor-de-las-viviendas-se-esfuma-por-el-tejado-segun-danosa\/","og_locale":"es_ES","og_type":"article","og_title":"El 30% del calor de las viviendas se esfuma por el tejado seg\u00fan Danosa","og_description":"Los hogares tienen varios puntos cr\u00edticos por donde se escapa la energ\u00eda, siendo el tejado el principal: por \u00e9l se esfuma el 30% del calor de las viviendas","og_url":"https:\/\/www.danosa.com\/es-es\/1970\/01\/el-30-del-calor-de-las-viviendas-se-esfuma-por-el-tejado-segun-danosa\/","og_site_name":"Danosa | Soluciones para la construcci\u00f3n","article_publisher":"https:\/\/www.facebook.com\/aislamientoeimpermeabilizacion\/","article_published_time":"1970-01-01T00:00:00+00:00","article_modified_time":"2023-11-10T23:50:16+00:00","og_image":[{"width":180,"height":81,"url":"https:\/\/www.danosa.com\/es-es\/wp-content\/uploads\/sites\/2\/2021\/07\/NoticiasDetalle_FOTO-perdCalor-L1-1.jpg","type":"image\/jpeg"}],"twitter_card":"summary_large_image","twitter_creator":"@DANOSA_SPAIN","twitter_site":"@DANOSA_SPAIN","twitter_misc":{"Escrito por":"myp","Tiempo de lectura":"1 minuto"},"schema":{"@context":"https:\/\/schema.org","@graph":[{"@type":"WebSite","@id":"https:\/\/www.danosa.com\/es-es\/#website","url":"https:\/\/www.danosa.com\/es-es\/","name":"Danosa | Soluciones para la construcci\u00f3n","description":"Impermeabilizaci\u00f3n, aislamiento ac\u00fastico y t\u00e9rmico","potentialAction":[{"@type":"SearchAction","target":{"@type":"EntryPoint","urlTemplate":"https:\/\/www.danosa.com\/es-es\/?s={search_term_string}"},"query-input":"required name=search_term_string"}],"inLanguage":"es"},{"@type":"ImageObject","@id":"https:\/\/www.danosa.com\/es-es\/1970\/01\/el-30-del-calor-de-las-viviendas-se-esfuma-por-el-tejado-segun-danosa\/#primaryimage","inLanguage":"es","url":"https:\/\/www.danosa.com\/es-es\/wp-content\/uploads\/sites\/2\/2021\/07\/NoticiasDetalle_FOTO-perdCalor-L1-1.jpg","contentUrl":"https:\/\/www.danosa.com\/es-es\/wp-content\/uploads\/sites\/2\/2021\/07\/NoticiasDetalle_FOTO-perdCalor-L1-1.jpg","width":180,"height":81,"caption":"El 30% del calor se va por el tejado de las viviendas"},{"@type":"WebPage","@id":"https:\/\/www.danosa.com\/es-es\/1970\/01\/el-30-del-calor-de-las-viviendas-se-esfuma-por-el-tejado-segun-danosa\/#webpage","url":"https:\/\/www.danosa.com\/es-es\/1970\/01\/el-30-del-calor-de-las-viviendas-se-esfuma-por-el-tejado-segun-danosa\/","name":"El 30% del calor de las viviendas se esfuma por el tejado seg\u00fan Danosa","isPartOf":{"@id":"https:\/\/www.danosa.com\/es-es\/#website"},"primaryImageOfPage":{"@id":"https:\/\/www.danosa.com\/es-es\/1970\/01\/el-30-del-calor-de-las-viviendas-se-esfuma-por-el-tejado-segun-danosa\/#primaryimage"},"datePublished":"1970-01-01T00:00:00+00:00","dateModified":"2023-11-10T23:50:16+00:00","author":{"@id":"https:\/\/www.danosa.com\/es-es\/#\/schema\/person\/1ffaf127bc8210b792407f6e87f3c330"},"description":"Los hogares tienen varios puntos cr\u00edticos por donde se escapa la energ\u00eda, siendo el tejado el principal: por \u00e9l se esfuma el 30% del calor de las viviendas","breadcrumb":{"@id":"https:\/\/www.danosa.com\/es-es\/1970\/01\/el-30-del-calor-de-las-viviendas-se-esfuma-por-el-tejado-segun-danosa\/#breadcrumb"},"inLanguage":"es","potentialAction":[{"@type":"ReadAction","target":["https:\/\/www.danosa.com\/es-es\/1970\/01\/el-30-del-calor-de-las-viviendas-se-esfuma-por-el-tejado-segun-danosa\/"]}]},{"@type":"BreadcrumbList","@id":"https:\/\/www.danosa.com\/es-es\/1970\/01\/el-30-del-calor-de-las-viviendas-se-esfuma-por-el-tejado-segun-danosa\/#breadcrumb","itemListElement":[{"@type":"ListItem","position":1,"name":"Portada","item":"https:\/\/www.danosa.com\/es-es\/"},{"@type":"ListItem","position":2,"name":"El 30% del calor de las viviendas se esfuma por el tejado, seg\u00fan Danosa"}]},{"@type":"Person","@id":"https:\/\/www.danosa.com\/es-es\/#\/schema\/person\/1ffaf127bc8210b792407f6e87f3c330","name":"myp","image":{"@type":"ImageObject","@id":"https:\/\/www.danosa.com\/es-es\/#personlogo","inLanguage":"es","url":"https:\/\/secure.gravatar.com\/avatar\/fe605bdcbf75c6c57cb3943e4b9ed9af?s=96&d=mm&r=g","contentUrl":"https:\/\/secure.gravatar.com\/avatar\/fe605bdcbf75c6c57cb3943e4b9ed9af?s=96&d=mm&r=g","caption":"myp"},"sameAs":["https:\/\/www.danosa.com"]}]}},"_links":{"self":[{"href":"https:\/\/www.danosa.com\/es-es\/wp-json\/wp\/v2\/posts\/336"}],"collection":[{"href":"https:\/\/www.danosa.com\/es-es\/wp-json\/wp\/v2\/posts"}],"about":[{"href":"https:\/\/www.danosa.com\/es-es\/wp-json\/wp\/v2\/types\/post"}],"author":[{"embeddable":true,"href":"https:\/\/www.danosa.com\/es-es\/wp-json\/wp\/v2\/users\/1"}],"replies":[{"embeddable":true,"href":"https:\/\/www.danosa.com\/es-es\/wp-json\/wp\/v2\/comments?post=336"}],"version-history":[{"count":5,"href":"https:\/\/www.danosa.com\/es-es\/wp-json\/wp\/v2\/posts\/336\/revisions"}],"predecessor-version":[{"id":12502,"href":"https:\/\/www.danosa.com\/es-es\/wp-json\/wp\/v2\/posts\/336\/revisions\/12502"}],"wp:featuredmedia":[{"embeddable":true,"href":"https:\/\/www.danosa.com\/es-es\/wp-json\/wp\/v2\/media\/338"}],"wp:attachment":[{"href":"https:\/\/www.danosa.com\/es-es\/wp-json\/wp\/v2\/media?parent=336"}],"wp:term":[{"taxonomy":"category","embeddable":true,"href":"https:\/\/www.danosa.com\/es-es\/wp-json\/wp\/v2\/categories?post=336"},{"taxonomy":"post_tag","embeddable":true,"href":"https:\/\/www.danosa.com\/es-es\/wp-json\/wp\/v2\/tags?post=336"}],"curies":[{"name":"wp","href":"https:\/\/api.w.org\/{rel}","templated":true}]}}