{"id":398,"date":"1970-01-01T00:00:00","date_gmt":"1970-01-01T00:00:00","guid":{"rendered":"https:\/\/www.danosa.com\/es-es\/blog\/2021\/07\/06\/no-solo-el-trfico-contamina\/"},"modified":"2023-11-11T00:54:07","modified_gmt":"2023-11-10T23:54:07","slug":"en-el-dia-mundial-contra-el-ruido-4-de-cada-10-espanoles-afirma-convivir-con-este-molesto-inquilino-en-casa","status":"publish","type":"post","link":"https:\/\/www.danosa.com\/es-es\/1970\/01\/en-el-dia-mundial-contra-el-ruido-4-de-cada-10-espanoles-afirma-convivir-con-este-molesto-inquilino-en-casa\/","title":{"rendered":"En el D\u00eda Mundial contra el Ruido 4 de cada 10 espa\u00f1oles afirma convivir con este molesto inquilino en casa"},"content":{"rendered":"<p>El 40,6% de la poblaci\u00f3n o, lo que es lo mismo, 4 de cada 10 espa\u00f1oles afirman que sufren problemas de ruido en su casa, seg\u00fan el estudio \u2018Quiero vivir mejor\u2019 de Cuida tu Casa recogido por Danosa con motivo del D\u00eda Mundial contra el Ruido, una fecha que adem\u00e1s coincide con el d\u00e9cimo aniversario de la entrada en vigor del Documento B\u00e1sico de Protecci\u00f3n frente al Ruido (DB-HR).<\/p>\n<p>El tr\u00e1fico de las grandes ciudades, las conversaciones, pisadas o arrastres de muebles de los vecinos, sus televisiones o equipos de m\u00fasica son solo algunos de los ruidos m\u00e1s frecuentes con los que un 30% de los espa\u00f1oles asegura que se resigna a convivir.<\/p>\n<p>Y es que aunque se debate mucho de los planes a poner en marcha para impulsar la eficiencia energ\u00e9tica de los hogares, poco se habla de la implantaci\u00f3n de medidas urgentes para favorecer el confort ac\u00fastico en los edificios y limitar el riesgo de molestias o enfermedades asociadas al ruido.<\/p>\n<p>Una legislaci\u00f3n m\u00e1s exigente<\/p>\n<p>Seg\u00fan Danosa, el acondicionamiento ac\u00fastico sigue siendo un serio problema que se repite no s\u00f3lo en las viviendas sino tambi\u00e9n en hoteles, establecimientos p\u00fablicos, comedores escolares, espacios multiusos de trabajo, etc. En gran parte debido a que la rehabilitaci\u00f3n de edificios y viviendas no cuenta con una normativa asociada al comportamiento ac\u00fastico, ya que el DB-HR s\u00f3lo contempla edificios de nueva construcci\u00f3n o rehabilitaciones integrales.<\/p>\n<p>Por todo ello, aprovechando esta fecha se\u00f1alada, la compa\u00f1\u00eda recuerda la importancia de que las autoridades revisen el actual DB-HR, adapt\u00e1ndolo a las normativas ac\u00fasticas europeas m\u00e1s exigentes y a exigir el cumplimento sobre calidad del comportamiento ac\u00fastico en las viviendas.<\/p>\n<p>Tambi\u00e9n es importante que las autoridades contribuyan a desarrollar los instrumentos necesarios para el control de su correcta instalaci\u00f3n y a garantizar que las edificaciones cumplen con estas exigencias a trav\u00e9s de una certificaci\u00f3n ac\u00fastica, similar a la certificaci\u00f3n energ\u00e9tica, que avale a las viviendas que lo posean.<\/p>\n<p>Precisamente, para facilitar la elecci\u00f3n de la soluci\u00f3n m\u00e1s apropiada, Danosa ha publicado una gu\u00eda ac\u00fastica que permite seleccionar el tipo de aislamiento en funci\u00f3n de la actividad que vaya a desarrollar el establecimiento, una informaci\u00f3n que tambi\u00e9n se encuentra en su biblioteca BIM. Porque no necesitar\u00e1 el mismo acondicionamiento un bar que abre sus puertas en horario diurno, donde el problema son los ruidos de impacto, que una discoteca que, adem\u00e1s de desempe\u00f1ar su actividad en horario nocturno y con la m\u00fasica elevada, posee otros problemas m\u00e1s complejos como los ruidos graves o de baja frecuencia.Asimismo, con el fin de facilitar a los instaladores toda la informaci\u00f3n necesaria para resolver los problemas concretos que se planteen en cada caso, as\u00ed como su puesta a punto, ha lanzado una gu\u00eda f\u00e1cil compuesta por una serie de v\u00eddeos did\u00e1cticos que dan respuesta a demandas tan habituales como aislar una vivienda de los ruidos del vecino de al lado, de las pisadas y arrastres de muebles del piso superior o acabar con el ruido que producen las bajantes de ba\u00f1os y cocinas.<\/p>\n","protected":false},"excerpt":{"rendered":"<p>Esta fecha coincide con el d\u00e9cimo aniversario de la entrada en vigor del Documento B\u00e1sico de Protecci\u00f3n frente al Ruido (DB-HR) que debe ser actualizado<\/p>\n","protected":false},"author":1,"featured_media":400,"comment_status":"open","ping_status":"open","sticky":false,"template":"","format":"standard","meta":{"inline_featured_image":false,"site-sidebar-layout":"default","site-content-layout":"default","ast-main-header-display":"","ast-hfb-above-header-display":"","ast-hfb-below-header-display":"","ast-hfb-mobile-header-display":"","site-post-title":"","ast-breadcrumbs-content":"","ast-featured-img":"","footer-sml-layout":"","theme-transparent-header-meta":"","adv-header-id-meta":"","stick-header-meta":"","header-above-stick-meta":"","header-main-stick-meta":"","header-below-stick-meta":""},"categories":[1],"tags":[],"acf":[],"yoast_head":"<!-- This site is optimized with the Yoast SEO plugin v18.1 - https:\/\/yoast.com\/wordpress\/plugins\/seo\/ -->\n<title>4 de cada 10 espa\u00f1oles afirman convivir con ruidos molestos en casa<\/title>\n<meta name=\"description\" content=\"En el D\u00eda Mundial contra el Ruido 4 de cada 10 espa\u00f1oles afirma convivir con ruidos molestos en casa. Descubre c\u00f3mo solucionar este problema f\u00e1cilmente.\" \/>\n<meta name=\"robots\" content=\"index, follow, max-snippet:-1, max-image-preview:large, max-video-preview:-1\" \/>\n<link rel=\"canonical\" href=\"https:\/\/www.danosa.com\/es-es\/1970\/01\/en-el-dia-mundial-contra-el-ruido-4-de-cada-10-espanoles-afirma-convivir-con-este-molesto-inquilino-en-casa\/\" \/>\n<meta property=\"og:locale\" content=\"es_ES\" \/>\n<meta property=\"og:type\" content=\"article\" \/>\n<meta property=\"og:title\" content=\"4 de cada 10 espa\u00f1oles afirman convivir con ruidos molestos en casa\" \/>\n<meta property=\"og:description\" content=\"En el D\u00eda Mundial contra el Ruido 4 de cada 10 espa\u00f1oles afirma convivir con ruidos molestos en casa. Descubre c\u00f3mo solucionar este problema f\u00e1cilmente.\" \/>\n<meta property=\"og:url\" content=\"https:\/\/www.danosa.com\/es-es\/1970\/01\/en-el-dia-mundial-contra-el-ruido-4-de-cada-10-espanoles-afirma-convivir-con-este-molesto-inquilino-en-casa\/\" \/>\n<meta property=\"og:site_name\" content=\"Danosa | Soluciones para la construcci\u00f3n\" \/>\n<meta property=\"article:publisher\" content=\"https:\/\/www.facebook.com\/aislamientoeimpermeabilizacion\/\" \/>\n<meta property=\"article:published_time\" content=\"1970-01-01T00:00:00+00:00\" \/>\n<meta property=\"article:modified_time\" content=\"2023-11-10T23:54:07+00:00\" \/>\n<meta property=\"og:image\" content=\"https:\/\/www.danosa.com\/es-es\/wp-content\/uploads\/sites\/2\/2021\/07\/NoticiasDetalle_FOTO-contra_el_ruido-L1-1.jpg\" \/>\n\t<meta property=\"og:image:width\" content=\"180\" \/>\n\t<meta property=\"og:image:height\" content=\"90\" \/>\n\t<meta property=\"og:image:type\" content=\"image\/jpeg\" \/>\n<meta name=\"twitter:card\" content=\"summary_large_image\" \/>\n<meta name=\"twitter:creator\" content=\"@DANOSA_SPAIN\" \/>\n<meta name=\"twitter:site\" content=\"@DANOSA_SPAIN\" \/>\n<meta name=\"twitter:label1\" content=\"Escrito por\" \/>\n\t<meta name=\"twitter:data1\" content=\"myp\" \/>\n\t<meta name=\"twitter:label2\" content=\"Tiempo de lectura\" \/>\n\t<meta name=\"twitter:data2\" content=\"3 minutos\" \/>\n<script type=\"application\/ld+json\" class=\"yoast-schema-graph\">{\"@context\":\"https:\/\/schema.org\",\"@graph\":[{\"@type\":\"WebSite\",\"@id\":\"https:\/\/www.danosa.com\/es-es\/#website\",\"url\":\"https:\/\/www.danosa.com\/es-es\/\",\"name\":\"Danosa | Soluciones para la construcci\u00f3n\",\"description\":\"Impermeabilizaci\u00f3n, aislamiento ac\u00fastico y t\u00e9rmico\",\"potentialAction\":[{\"@type\":\"SearchAction\",\"target\":{\"@type\":\"EntryPoint\",\"urlTemplate\":\"https:\/\/www.danosa.com\/es-es\/?s={search_term_string}\"},\"query-input\":\"required name=search_term_string\"}],\"inLanguage\":\"es\"},{\"@type\":\"ImageObject\",\"@id\":\"https:\/\/www.danosa.com\/es-es\/1970\/01\/en-el-dia-mundial-contra-el-ruido-4-de-cada-10-espanoles-afirma-convivir-con-este-molesto-inquilino-en-casa\/#primaryimage\",\"inLanguage\":\"es\",\"url\":\"https:\/\/www.danosa.com\/es-es\/wp-content\/uploads\/sites\/2\/2021\/07\/NoticiasDetalle_FOTO-contra_el_ruido-L1-1.jpg\",\"contentUrl\":\"https:\/\/www.danosa.com\/es-es\/wp-content\/uploads\/sites\/2\/2021\/07\/NoticiasDetalle_FOTO-contra_el_ruido-L1-1.jpg\",\"width\":180,\"height\":90,\"caption\":\"Dia Mundial contra el Ruido\"},{\"@type\":\"WebPage\",\"@id\":\"https:\/\/www.danosa.com\/es-es\/1970\/01\/en-el-dia-mundial-contra-el-ruido-4-de-cada-10-espanoles-afirma-convivir-con-este-molesto-inquilino-en-casa\/#webpage\",\"url\":\"https:\/\/www.danosa.com\/es-es\/1970\/01\/en-el-dia-mundial-contra-el-ruido-4-de-cada-10-espanoles-afirma-convivir-con-este-molesto-inquilino-en-casa\/\",\"name\":\"4 de cada 10 espa\u00f1oles afirman convivir con ruidos molestos en casa\",\"isPartOf\":{\"@id\":\"https:\/\/www.danosa.com\/es-es\/#website\"},\"primaryImageOfPage\":{\"@id\":\"https:\/\/www.danosa.com\/es-es\/1970\/01\/en-el-dia-mundial-contra-el-ruido-4-de-cada-10-espanoles-afirma-convivir-con-este-molesto-inquilino-en-casa\/#primaryimage\"},\"datePublished\":\"1970-01-01T00:00:00+00:00\",\"dateModified\":\"2023-11-10T23:54:07+00:00\",\"author\":{\"@id\":\"https:\/\/www.danosa.com\/es-es\/#\/schema\/person\/1ffaf127bc8210b792407f6e87f3c330\"},\"description\":\"En el D\u00eda Mundial contra el Ruido 4 de cada 10 espa\u00f1oles afirma convivir con ruidos molestos en casa. Descubre c\u00f3mo solucionar este problema f\u00e1cilmente.\",\"breadcrumb\":{\"@id\":\"https:\/\/www.danosa.com\/es-es\/1970\/01\/en-el-dia-mundial-contra-el-ruido-4-de-cada-10-espanoles-afirma-convivir-con-este-molesto-inquilino-en-casa\/#breadcrumb\"},\"inLanguage\":\"es\",\"potentialAction\":[{\"@type\":\"ReadAction\",\"target\":[\"https:\/\/www.danosa.com\/es-es\/1970\/01\/en-el-dia-mundial-contra-el-ruido-4-de-cada-10-espanoles-afirma-convivir-con-este-molesto-inquilino-en-casa\/\"]}]},{\"@type\":\"BreadcrumbList\",\"@id\":\"https:\/\/www.danosa.com\/es-es\/1970\/01\/en-el-dia-mundial-contra-el-ruido-4-de-cada-10-espanoles-afirma-convivir-con-este-molesto-inquilino-en-casa\/#breadcrumb\",\"itemListElement\":[{\"@type\":\"ListItem\",\"position\":1,\"name\":\"Portada\",\"item\":\"https:\/\/www.danosa.com\/es-es\/\"},{\"@type\":\"ListItem\",\"position\":2,\"name\":\"En el D\u00eda Mundial contra el Ruido 4 de cada 10 espa\u00f1oles afirma convivir con este molesto inquilino en casa\"}]},{\"@type\":\"Person\",\"@id\":\"https:\/\/www.danosa.com\/es-es\/#\/schema\/person\/1ffaf127bc8210b792407f6e87f3c330\",\"name\":\"myp\",\"image\":{\"@type\":\"ImageObject\",\"@id\":\"https:\/\/www.danosa.com\/es-es\/#personlogo\",\"inLanguage\":\"es\",\"url\":\"https:\/\/secure.gravatar.com\/avatar\/fe605bdcbf75c6c57cb3943e4b9ed9af?s=96&d=mm&r=g\",\"contentUrl\":\"https:\/\/secure.gravatar.com\/avatar\/fe605bdcbf75c6c57cb3943e4b9ed9af?s=96&d=mm&r=g\",\"caption\":\"myp\"},\"sameAs\":[\"https:\/\/www.danosa.com\"]}]}<\/script>\n<!-- \/ Yoast SEO plugin. -->","yoast_head_json":{"title":"4 de cada 10 espa\u00f1oles afirman convivir con ruidos molestos en casa","description":"En el D\u00eda Mundial contra el Ruido 4 de cada 10 espa\u00f1oles afirma convivir con ruidos molestos en casa. Descubre c\u00f3mo solucionar este problema f\u00e1cilmente.","robots":{"index":"index","follow":"follow","max-snippet":"max-snippet:-1","max-image-preview":"max-image-preview:large","max-video-preview":"max-video-preview:-1"},"canonical":"https:\/\/www.danosa.com\/es-es\/1970\/01\/en-el-dia-mundial-contra-el-ruido-4-de-cada-10-espanoles-afirma-convivir-con-este-molesto-inquilino-en-casa\/","og_locale":"es_ES","og_type":"article","og_title":"4 de cada 10 espa\u00f1oles afirman convivir con ruidos molestos en casa","og_description":"En el D\u00eda Mundial contra el Ruido 4 de cada 10 espa\u00f1oles afirma convivir con ruidos molestos en casa. Descubre c\u00f3mo solucionar este problema f\u00e1cilmente.","og_url":"https:\/\/www.danosa.com\/es-es\/1970\/01\/en-el-dia-mundial-contra-el-ruido-4-de-cada-10-espanoles-afirma-convivir-con-este-molesto-inquilino-en-casa\/","og_site_name":"Danosa | Soluciones para la construcci\u00f3n","article_publisher":"https:\/\/www.facebook.com\/aislamientoeimpermeabilizacion\/","article_published_time":"1970-01-01T00:00:00+00:00","article_modified_time":"2023-11-10T23:54:07+00:00","og_image":[{"width":180,"height":90,"url":"https:\/\/www.danosa.com\/es-es\/wp-content\/uploads\/sites\/2\/2021\/07\/NoticiasDetalle_FOTO-contra_el_ruido-L1-1.jpg","type":"image\/jpeg"}],"twitter_card":"summary_large_image","twitter_creator":"@DANOSA_SPAIN","twitter_site":"@DANOSA_SPAIN","twitter_misc":{"Escrito por":"myp","Tiempo de lectura":"3 minutos"},"schema":{"@context":"https:\/\/schema.org","@graph":[{"@type":"WebSite","@id":"https:\/\/www.danosa.com\/es-es\/#website","url":"https:\/\/www.danosa.com\/es-es\/","name":"Danosa | Soluciones para la construcci\u00f3n","description":"Impermeabilizaci\u00f3n, aislamiento ac\u00fastico y t\u00e9rmico","potentialAction":[{"@type":"SearchAction","target":{"@type":"EntryPoint","urlTemplate":"https:\/\/www.danosa.com\/es-es\/?s={search_term_string}"},"query-input":"required name=search_term_string"}],"inLanguage":"es"},{"@type":"ImageObject","@id":"https:\/\/www.danosa.com\/es-es\/1970\/01\/en-el-dia-mundial-contra-el-ruido-4-de-cada-10-espanoles-afirma-convivir-con-este-molesto-inquilino-en-casa\/#primaryimage","inLanguage":"es","url":"https:\/\/www.danosa.com\/es-es\/wp-content\/uploads\/sites\/2\/2021\/07\/NoticiasDetalle_FOTO-contra_el_ruido-L1-1.jpg","contentUrl":"https:\/\/www.danosa.com\/es-es\/wp-content\/uploads\/sites\/2\/2021\/07\/NoticiasDetalle_FOTO-contra_el_ruido-L1-1.jpg","width":180,"height":90,"caption":"Dia Mundial contra el Ruido"},{"@type":"WebPage","@id":"https:\/\/www.danosa.com\/es-es\/1970\/01\/en-el-dia-mundial-contra-el-ruido-4-de-cada-10-espanoles-afirma-convivir-con-este-molesto-inquilino-en-casa\/#webpage","url":"https:\/\/www.danosa.com\/es-es\/1970\/01\/en-el-dia-mundial-contra-el-ruido-4-de-cada-10-espanoles-afirma-convivir-con-este-molesto-inquilino-en-casa\/","name":"4 de cada 10 espa\u00f1oles afirman convivir con ruidos molestos en casa","isPartOf":{"@id":"https:\/\/www.danosa.com\/es-es\/#website"},"primaryImageOfPage":{"@id":"https:\/\/www.danosa.com\/es-es\/1970\/01\/en-el-dia-mundial-contra-el-ruido-4-de-cada-10-espanoles-afirma-convivir-con-este-molesto-inquilino-en-casa\/#primaryimage"},"datePublished":"1970-01-01T00:00:00+00:00","dateModified":"2023-11-10T23:54:07+00:00","author":{"@id":"https:\/\/www.danosa.com\/es-es\/#\/schema\/person\/1ffaf127bc8210b792407f6e87f3c330"},"description":"En el D\u00eda Mundial contra el Ruido 4 de cada 10 espa\u00f1oles afirma convivir con ruidos molestos en casa. Descubre c\u00f3mo solucionar este problema f\u00e1cilmente.","breadcrumb":{"@id":"https:\/\/www.danosa.com\/es-es\/1970\/01\/en-el-dia-mundial-contra-el-ruido-4-de-cada-10-espanoles-afirma-convivir-con-este-molesto-inquilino-en-casa\/#breadcrumb"},"inLanguage":"es","potentialAction":[{"@type":"ReadAction","target":["https:\/\/www.danosa.com\/es-es\/1970\/01\/en-el-dia-mundial-contra-el-ruido-4-de-cada-10-espanoles-afirma-convivir-con-este-molesto-inquilino-en-casa\/"]}]},{"@type":"BreadcrumbList","@id":"https:\/\/www.danosa.com\/es-es\/1970\/01\/en-el-dia-mundial-contra-el-ruido-4-de-cada-10-espanoles-afirma-convivir-con-este-molesto-inquilino-en-casa\/#breadcrumb","itemListElement":[{"@type":"ListItem","position":1,"name":"Portada","item":"https:\/\/www.danosa.com\/es-es\/"},{"@type":"ListItem","position":2,"name":"En el D\u00eda Mundial contra el Ruido 4 de cada 10 espa\u00f1oles afirma convivir con este molesto inquilino en casa"}]},{"@type":"Person","@id":"https:\/\/www.danosa.com\/es-es\/#\/schema\/person\/1ffaf127bc8210b792407f6e87f3c330","name":"myp","image":{"@type":"ImageObject","@id":"https:\/\/www.danosa.com\/es-es\/#personlogo","inLanguage":"es","url":"https:\/\/secure.gravatar.com\/avatar\/fe605bdcbf75c6c57cb3943e4b9ed9af?s=96&d=mm&r=g","contentUrl":"https:\/\/secure.gravatar.com\/avatar\/fe605bdcbf75c6c57cb3943e4b9ed9af?s=96&d=mm&r=g","caption":"myp"},"sameAs":["https:\/\/www.danosa.com"]}]}},"_links":{"self":[{"href":"https:\/\/www.danosa.com\/es-es\/wp-json\/wp\/v2\/posts\/398"}],"collection":[{"href":"https:\/\/www.danosa.com\/es-es\/wp-json\/wp\/v2\/posts"}],"about":[{"href":"https:\/\/www.danosa.com\/es-es\/wp-json\/wp\/v2\/types\/post"}],"author":[{"embeddable":true,"href":"https:\/\/www.danosa.com\/es-es\/wp-json\/wp\/v2\/users\/1"}],"replies":[{"embeddable":true,"href":"https:\/\/www.danosa.com\/es-es\/wp-json\/wp\/v2\/comments?post=398"}],"version-history":[{"count":5,"href":"https:\/\/www.danosa.com\/es-es\/wp-json\/wp\/v2\/posts\/398\/revisions"}],"predecessor-version":[{"id":12507,"href":"https:\/\/www.danosa.com\/es-es\/wp-json\/wp\/v2\/posts\/398\/revisions\/12507"}],"wp:featuredmedia":[{"embeddable":true,"href":"https:\/\/www.danosa.com\/es-es\/wp-json\/wp\/v2\/media\/400"}],"wp:attachment":[{"href":"https:\/\/www.danosa.com\/es-es\/wp-json\/wp\/v2\/media?parent=398"}],"wp:term":[{"taxonomy":"category","embeddable":true,"href":"https:\/\/www.danosa.com\/es-es\/wp-json\/wp\/v2\/categories?post=398"},{"taxonomy":"post_tag","embeddable":true,"href":"https:\/\/www.danosa.com\/es-es\/wp-json\/wp\/v2\/tags?post=398"}],"curies":[{"name":"wp","href":"https:\/\/api.w.org\/{rel}","templated":true}]}}