{"id":435,"date":"1970-01-01T00:00:00","date_gmt":"1970-01-01T00:00:00","guid":{"rendered":"https:\/\/www.danosa.com\/es-es\/blog\/2021\/07\/06\/danosa-adquiere-el-negocio-de-morteros-de-argos-para-reforzar-su-posicionamiento-en-el-mercado-ibrico\/"},"modified":"2023-11-11T00:48:03","modified_gmt":"2023-11-10T23:48:03","slug":"danosa-redobla-su-apuesta-por-el-do-it-yourself-con-su-union-a-la-patronal-de-bricolaje-y-ferreteria","status":"publish","type":"post","link":"https:\/\/www.danosa.com\/es-es\/1970\/01\/danosa-redobla-su-apuesta-por-el-do-it-yourself-con-su-union-a-la-patronal-de-bricolaje-y-ferreteria\/","title":{"rendered":"Danosa redobla su apuesta por el Do It Yourself con su uni\u00f3n a la patronal de bricolaje y ferreter\u00eda"},"content":{"rendered":"<p>Danosa, especialista en soluciones integrales para la construcci\u00f3n sostenible, ha redoblado suapuesta por llegar al usuario final de forma directa tras unirse a la Asociaci\u00f3n de Fabricantes deBricolaje y Ferreter\u00eda (AFEB), que cuenta con casi un centenar de asociados de este sector. En uncontexto de cambio en el mundo de la construcci\u00f3n, el particular o propietario ha ido tomando lasriendas de las reformas de su hogar y se ha convertido en parte activa de la cadena constructiva.<\/p>\n<p>Se trata del movimiento que se ha denominado \u2018Do It Yourself\u2019, que se est\u00e1 dando en casi todos lossectores productivos y de consumo y que tambi\u00e9n ha llegado al de la construcci\u00f3n. La reforma yrehabilitaci\u00f3n van ganando terreno a la construcci\u00f3n sobre plano tras el estallido de la burbujainmobiliaria, por ello es fundamental que el usuario final pueda tener a su alcance solucioneseficientes y f\u00e1ciles de aplicar.<\/p>\n","protected":false},"excerpt":{"rendered":"<p>La compa\u00f1\u00eda se suma a la Asociaci\u00f3n de Fabricantes de Bricolaje y Ferreter\u00eda (AFEB)<\/p>\n","protected":false},"author":1,"featured_media":437,"comment_status":"open","ping_status":"open","sticky":false,"template":"","format":"standard","meta":{"inline_featured_image":false,"site-sidebar-layout":"default","site-content-layout":"default","ast-main-header-display":"","ast-hfb-above-header-display":"","ast-hfb-below-header-display":"","ast-hfb-mobile-header-display":"","site-post-title":"","ast-breadcrumbs-content":"","ast-featured-img":"","footer-sml-layout":"","theme-transparent-header-meta":"","adv-header-id-meta":"","stick-header-meta":"","header-above-stick-meta":"","header-main-stick-meta":"","header-below-stick-meta":""},"categories":[1],"tags":[],"acf":[],"yoast_head":"<!-- This site is optimized with the Yoast SEO plugin v18.1 - https:\/\/yoast.com\/wordpress\/plugins\/seo\/ -->\n<title>Do It Yourself: Danosa se une a la patronal de bricolaje y ferreter\u00eda<\/title>\n<meta name=\"description\" content=\"Danosa ha redoblado su apuesta por llegar al usuario final de forma directa tras unirse a la Asociaci\u00f3n de Fabricantes deBricolaje y Ferreter\u00eda (AFEB)\" \/>\n<meta name=\"robots\" content=\"index, follow, max-snippet:-1, max-image-preview:large, max-video-preview:-1\" \/>\n<link rel=\"canonical\" href=\"https:\/\/www.danosa.com\/es-es\/1970\/01\/danosa-redobla-su-apuesta-por-el-do-it-yourself-con-su-union-a-la-patronal-de-bricolaje-y-ferreteria\/\" \/>\n<meta property=\"og:locale\" content=\"es_ES\" \/>\n<meta property=\"og:type\" content=\"article\" \/>\n<meta property=\"og:title\" content=\"Do It Yourself: Danosa se une a la patronal de bricolaje y ferreter\u00eda\" \/>\n<meta property=\"og:description\" content=\"Danosa ha redoblado su apuesta por llegar al usuario final de forma directa tras unirse a la Asociaci\u00f3n de Fabricantes deBricolaje y Ferreter\u00eda (AFEB)\" \/>\n<meta property=\"og:url\" content=\"https:\/\/www.danosa.com\/es-es\/1970\/01\/danosa-redobla-su-apuesta-por-el-do-it-yourself-con-su-union-a-la-patronal-de-bricolaje-y-ferreteria\/\" \/>\n<meta property=\"og:site_name\" content=\"Danosa | Soluciones para la construcci\u00f3n\" \/>\n<meta property=\"article:publisher\" content=\"https:\/\/www.facebook.com\/aislamientoeimpermeabilizacion\/\" \/>\n<meta property=\"article:published_time\" content=\"1970-01-01T00:00:00+00:00\" \/>\n<meta property=\"article:modified_time\" content=\"2023-11-10T23:48:03+00:00\" \/>\n<meta property=\"og:image\" content=\"https:\/\/www.danosa.com\/es-es\/wp-content\/uploads\/sites\/2\/2021\/07\/NoticiasDetalle_FOTO-afeb-L1-1.jpg\" \/>\n\t<meta property=\"og:image:width\" content=\"180\" \/>\n\t<meta property=\"og:image:height\" content=\"96\" \/>\n\t<meta property=\"og:image:type\" content=\"image\/jpeg\" \/>\n<meta name=\"twitter:card\" content=\"summary_large_image\" \/>\n<meta name=\"twitter:creator\" content=\"@DANOSA_SPAIN\" \/>\n<meta name=\"twitter:site\" content=\"@DANOSA_SPAIN\" \/>\n<meta name=\"twitter:label1\" content=\"Escrito por\" \/>\n\t<meta name=\"twitter:data1\" content=\"myp\" \/>\n\t<meta name=\"twitter:label2\" content=\"Tiempo de lectura\" \/>\n\t<meta name=\"twitter:data2\" content=\"1 minuto\" \/>\n<script type=\"application\/ld+json\" class=\"yoast-schema-graph\">{\"@context\":\"https:\/\/schema.org\",\"@graph\":[{\"@type\":\"WebSite\",\"@id\":\"https:\/\/www.danosa.com\/es-es\/#website\",\"url\":\"https:\/\/www.danosa.com\/es-es\/\",\"name\":\"Danosa | Soluciones para la construcci\u00f3n\",\"description\":\"Impermeabilizaci\u00f3n, aislamiento ac\u00fastico y t\u00e9rmico\",\"potentialAction\":[{\"@type\":\"SearchAction\",\"target\":{\"@type\":\"EntryPoint\",\"urlTemplate\":\"https:\/\/www.danosa.com\/es-es\/?s={search_term_string}\"},\"query-input\":\"required name=search_term_string\"}],\"inLanguage\":\"es\"},{\"@type\":\"ImageObject\",\"@id\":\"https:\/\/www.danosa.com\/es-es\/1970\/01\/danosa-redobla-su-apuesta-por-el-do-it-yourself-con-su-union-a-la-patronal-de-bricolaje-y-ferreteria\/#primaryimage\",\"inLanguage\":\"es\",\"url\":\"https:\/\/www.danosa.com\/es-es\/wp-content\/uploads\/sites\/2\/2021\/07\/NoticiasDetalle_FOTO-afeb-L1-1.jpg\",\"contentUrl\":\"https:\/\/www.danosa.com\/es-es\/wp-content\/uploads\/sites\/2\/2021\/07\/NoticiasDetalle_FOTO-afeb-L1-1.jpg\",\"width\":180,\"height\":96,\"caption\":\"Danosa se une a la patronal del bricolaje y ferreteria\"},{\"@type\":\"WebPage\",\"@id\":\"https:\/\/www.danosa.com\/es-es\/1970\/01\/danosa-redobla-su-apuesta-por-el-do-it-yourself-con-su-union-a-la-patronal-de-bricolaje-y-ferreteria\/#webpage\",\"url\":\"https:\/\/www.danosa.com\/es-es\/1970\/01\/danosa-redobla-su-apuesta-por-el-do-it-yourself-con-su-union-a-la-patronal-de-bricolaje-y-ferreteria\/\",\"name\":\"Do It Yourself: Danosa se une a la patronal de bricolaje y ferreter\u00eda\",\"isPartOf\":{\"@id\":\"https:\/\/www.danosa.com\/es-es\/#website\"},\"primaryImageOfPage\":{\"@id\":\"https:\/\/www.danosa.com\/es-es\/1970\/01\/danosa-redobla-su-apuesta-por-el-do-it-yourself-con-su-union-a-la-patronal-de-bricolaje-y-ferreteria\/#primaryimage\"},\"datePublished\":\"1970-01-01T00:00:00+00:00\",\"dateModified\":\"2023-11-10T23:48:03+00:00\",\"author\":{\"@id\":\"https:\/\/www.danosa.com\/es-es\/#\/schema\/person\/1ffaf127bc8210b792407f6e87f3c330\"},\"description\":\"Danosa ha redoblado su apuesta por llegar al usuario final de forma directa tras unirse a la Asociaci\u00f3n de Fabricantes deBricolaje y Ferreter\u00eda (AFEB)\",\"breadcrumb\":{\"@id\":\"https:\/\/www.danosa.com\/es-es\/1970\/01\/danosa-redobla-su-apuesta-por-el-do-it-yourself-con-su-union-a-la-patronal-de-bricolaje-y-ferreteria\/#breadcrumb\"},\"inLanguage\":\"es\",\"potentialAction\":[{\"@type\":\"ReadAction\",\"target\":[\"https:\/\/www.danosa.com\/es-es\/1970\/01\/danosa-redobla-su-apuesta-por-el-do-it-yourself-con-su-union-a-la-patronal-de-bricolaje-y-ferreteria\/\"]}]},{\"@type\":\"BreadcrumbList\",\"@id\":\"https:\/\/www.danosa.com\/es-es\/1970\/01\/danosa-redobla-su-apuesta-por-el-do-it-yourself-con-su-union-a-la-patronal-de-bricolaje-y-ferreteria\/#breadcrumb\",\"itemListElement\":[{\"@type\":\"ListItem\",\"position\":1,\"name\":\"Portada\",\"item\":\"https:\/\/www.danosa.com\/es-es\/\"},{\"@type\":\"ListItem\",\"position\":2,\"name\":\"Danosa redobla su apuesta por el Do It Yourself con su uni\u00f3n a la patronal de bricolaje y ferreter\u00eda\"}]},{\"@type\":\"Person\",\"@id\":\"https:\/\/www.danosa.com\/es-es\/#\/schema\/person\/1ffaf127bc8210b792407f6e87f3c330\",\"name\":\"myp\",\"image\":{\"@type\":\"ImageObject\",\"@id\":\"https:\/\/www.danosa.com\/es-es\/#personlogo\",\"inLanguage\":\"es\",\"url\":\"https:\/\/secure.gravatar.com\/avatar\/fe605bdcbf75c6c57cb3943e4b9ed9af?s=96&d=mm&r=g\",\"contentUrl\":\"https:\/\/secure.gravatar.com\/avatar\/fe605bdcbf75c6c57cb3943e4b9ed9af?s=96&d=mm&r=g\",\"caption\":\"myp\"},\"sameAs\":[\"https:\/\/www.danosa.com\"]}]}<\/script>\n<!-- \/ Yoast SEO plugin. -->","yoast_head_json":{"title":"Do It Yourself: Danosa se une a la patronal de bricolaje y ferreter\u00eda","description":"Danosa ha redoblado su apuesta por llegar al usuario final de forma directa tras unirse a la Asociaci\u00f3n de Fabricantes deBricolaje y Ferreter\u00eda (AFEB)","robots":{"index":"index","follow":"follow","max-snippet":"max-snippet:-1","max-image-preview":"max-image-preview:large","max-video-preview":"max-video-preview:-1"},"canonical":"https:\/\/www.danosa.com\/es-es\/1970\/01\/danosa-redobla-su-apuesta-por-el-do-it-yourself-con-su-union-a-la-patronal-de-bricolaje-y-ferreteria\/","og_locale":"es_ES","og_type":"article","og_title":"Do It Yourself: Danosa se une a la patronal de bricolaje y ferreter\u00eda","og_description":"Danosa ha redoblado su apuesta por llegar al usuario final de forma directa tras unirse a la Asociaci\u00f3n de Fabricantes deBricolaje y Ferreter\u00eda (AFEB)","og_url":"https:\/\/www.danosa.com\/es-es\/1970\/01\/danosa-redobla-su-apuesta-por-el-do-it-yourself-con-su-union-a-la-patronal-de-bricolaje-y-ferreteria\/","og_site_name":"Danosa | Soluciones para la construcci\u00f3n","article_publisher":"https:\/\/www.facebook.com\/aislamientoeimpermeabilizacion\/","article_published_time":"1970-01-01T00:00:00+00:00","article_modified_time":"2023-11-10T23:48:03+00:00","og_image":[{"width":180,"height":96,"url":"https:\/\/www.danosa.com\/es-es\/wp-content\/uploads\/sites\/2\/2021\/07\/NoticiasDetalle_FOTO-afeb-L1-1.jpg","type":"image\/jpeg"}],"twitter_card":"summary_large_image","twitter_creator":"@DANOSA_SPAIN","twitter_site":"@DANOSA_SPAIN","twitter_misc":{"Escrito por":"myp","Tiempo de lectura":"1 minuto"},"schema":{"@context":"https:\/\/schema.org","@graph":[{"@type":"WebSite","@id":"https:\/\/www.danosa.com\/es-es\/#website","url":"https:\/\/www.danosa.com\/es-es\/","name":"Danosa | Soluciones para la construcci\u00f3n","description":"Impermeabilizaci\u00f3n, aislamiento ac\u00fastico y t\u00e9rmico","potentialAction":[{"@type":"SearchAction","target":{"@type":"EntryPoint","urlTemplate":"https:\/\/www.danosa.com\/es-es\/?s={search_term_string}"},"query-input":"required name=search_term_string"}],"inLanguage":"es"},{"@type":"ImageObject","@id":"https:\/\/www.danosa.com\/es-es\/1970\/01\/danosa-redobla-su-apuesta-por-el-do-it-yourself-con-su-union-a-la-patronal-de-bricolaje-y-ferreteria\/#primaryimage","inLanguage":"es","url":"https:\/\/www.danosa.com\/es-es\/wp-content\/uploads\/sites\/2\/2021\/07\/NoticiasDetalle_FOTO-afeb-L1-1.jpg","contentUrl":"https:\/\/www.danosa.com\/es-es\/wp-content\/uploads\/sites\/2\/2021\/07\/NoticiasDetalle_FOTO-afeb-L1-1.jpg","width":180,"height":96,"caption":"Danosa se une a la patronal del bricolaje y ferreteria"},{"@type":"WebPage","@id":"https:\/\/www.danosa.com\/es-es\/1970\/01\/danosa-redobla-su-apuesta-por-el-do-it-yourself-con-su-union-a-la-patronal-de-bricolaje-y-ferreteria\/#webpage","url":"https:\/\/www.danosa.com\/es-es\/1970\/01\/danosa-redobla-su-apuesta-por-el-do-it-yourself-con-su-union-a-la-patronal-de-bricolaje-y-ferreteria\/","name":"Do It Yourself: Danosa se une a la patronal de bricolaje y ferreter\u00eda","isPartOf":{"@id":"https:\/\/www.danosa.com\/es-es\/#website"},"primaryImageOfPage":{"@id":"https:\/\/www.danosa.com\/es-es\/1970\/01\/danosa-redobla-su-apuesta-por-el-do-it-yourself-con-su-union-a-la-patronal-de-bricolaje-y-ferreteria\/#primaryimage"},"datePublished":"1970-01-01T00:00:00+00:00","dateModified":"2023-11-10T23:48:03+00:00","author":{"@id":"https:\/\/www.danosa.com\/es-es\/#\/schema\/person\/1ffaf127bc8210b792407f6e87f3c330"},"description":"Danosa ha redoblado su apuesta por llegar al usuario final de forma directa tras unirse a la Asociaci\u00f3n de Fabricantes deBricolaje y Ferreter\u00eda (AFEB)","breadcrumb":{"@id":"https:\/\/www.danosa.com\/es-es\/1970\/01\/danosa-redobla-su-apuesta-por-el-do-it-yourself-con-su-union-a-la-patronal-de-bricolaje-y-ferreteria\/#breadcrumb"},"inLanguage":"es","potentialAction":[{"@type":"ReadAction","target":["https:\/\/www.danosa.com\/es-es\/1970\/01\/danosa-redobla-su-apuesta-por-el-do-it-yourself-con-su-union-a-la-patronal-de-bricolaje-y-ferreteria\/"]}]},{"@type":"BreadcrumbList","@id":"https:\/\/www.danosa.com\/es-es\/1970\/01\/danosa-redobla-su-apuesta-por-el-do-it-yourself-con-su-union-a-la-patronal-de-bricolaje-y-ferreteria\/#breadcrumb","itemListElement":[{"@type":"ListItem","position":1,"name":"Portada","item":"https:\/\/www.danosa.com\/es-es\/"},{"@type":"ListItem","position":2,"name":"Danosa redobla su apuesta por el Do It Yourself con su uni\u00f3n a la patronal de bricolaje y ferreter\u00eda"}]},{"@type":"Person","@id":"https:\/\/www.danosa.com\/es-es\/#\/schema\/person\/1ffaf127bc8210b792407f6e87f3c330","name":"myp","image":{"@type":"ImageObject","@id":"https:\/\/www.danosa.com\/es-es\/#personlogo","inLanguage":"es","url":"https:\/\/secure.gravatar.com\/avatar\/fe605bdcbf75c6c57cb3943e4b9ed9af?s=96&d=mm&r=g","contentUrl":"https:\/\/secure.gravatar.com\/avatar\/fe605bdcbf75c6c57cb3943e4b9ed9af?s=96&d=mm&r=g","caption":"myp"},"sameAs":["https:\/\/www.danosa.com"]}]}},"_links":{"self":[{"href":"https:\/\/www.danosa.com\/es-es\/wp-json\/wp\/v2\/posts\/435"}],"collection":[{"href":"https:\/\/www.danosa.com\/es-es\/wp-json\/wp\/v2\/posts"}],"about":[{"href":"https:\/\/www.danosa.com\/es-es\/wp-json\/wp\/v2\/types\/post"}],"author":[{"embeddable":true,"href":"https:\/\/www.danosa.com\/es-es\/wp-json\/wp\/v2\/users\/1"}],"replies":[{"embeddable":true,"href":"https:\/\/www.danosa.com\/es-es\/wp-json\/wp\/v2\/comments?post=435"}],"version-history":[{"count":5,"href":"https:\/\/www.danosa.com\/es-es\/wp-json\/wp\/v2\/posts\/435\/revisions"}],"predecessor-version":[{"id":12498,"href":"https:\/\/www.danosa.com\/es-es\/wp-json\/wp\/v2\/posts\/435\/revisions\/12498"}],"wp:featuredmedia":[{"embeddable":true,"href":"https:\/\/www.danosa.com\/es-es\/wp-json\/wp\/v2\/media\/437"}],"wp:attachment":[{"href":"https:\/\/www.danosa.com\/es-es\/wp-json\/wp\/v2\/media?parent=435"}],"wp:term":[{"taxonomy":"category","embeddable":true,"href":"https:\/\/www.danosa.com\/es-es\/wp-json\/wp\/v2\/categories?post=435"},{"taxonomy":"post_tag","embeddable":true,"href":"https:\/\/www.danosa.com\/es-es\/wp-json\/wp\/v2\/tags?post=435"}],"curies":[{"name":"wp","href":"https:\/\/api.w.org\/{rel}","templated":true}]}}