{"id":490,"date":"1970-01-01T00:00:00","date_gmt":"1970-01-01T00:00:00","guid":{"rendered":"https:\/\/www.danosa.com\/es-es\/blog\/2021\/07\/06\/danosa-construye-soluciones\/"},"modified":"2023-11-11T00:15:24","modified_gmt":"2023-11-10T23:15:24","slug":"ano-de-la-rehabilitacion-sostenible","status":"publish","type":"post","link":"https:\/\/www.danosa.com\/es-es\/1970\/01\/ano-de-la-rehabilitacion-sostenible\/","title":{"rendered":"A\u00f1o de la Rehabilitaci\u00f3n Sostenible"},"content":{"rendered":"<p>Uno de los eventos que m\u00e1s \u00e9xito est\u00e1 teniendo son las \u00abMa\u00f1anas de la edificaci\u00f3n\u00bb jornadas dedicadas a la Rehabilitaci\u00f3n Sostenible, cuya primera convocatoria tuvo lugar el pasado d\u00eda 19 de mayo y a la que asistieron m\u00e1s de 80 profesionales.Danosa ofrece soluciones de rehabilitaci\u00f3n espec\u00edficas para cada caso, con las cuales se consigue un aumento considerable del confort gracias a la disminuci\u00f3n de los niveles de ruido, todo ello cumpliendo con las exigencias del C\u00f3digo T\u00e9cnico de la Edificaci\u00f3n.<\/p>\n\n\n<p><\/p>\n","protected":false},"excerpt":{"rendered":"<p>Danosa, dentro de las colaboraciones anuales que realiza con distintas entidades, es empresa colaboradora este a\u00f1o en el Colegio de Aparejadores y Arquitectos T\u00e9cnicos e Ingenieros de la edificaci\u00f3n de Madrid.<\/p>\n","protected":false},"author":1,"featured_media":0,"comment_status":"open","ping_status":"open","sticky":false,"template":"","format":"standard","meta":{"inline_featured_image":false,"site-sidebar-layout":"default","site-content-layout":"default","ast-main-header-display":"","ast-hfb-above-header-display":"","ast-hfb-below-header-display":"","ast-hfb-mobile-header-display":"","site-post-title":"","ast-breadcrumbs-content":"","ast-featured-img":"","footer-sml-layout":"","theme-transparent-header-meta":"","adv-header-id-meta":"","stick-header-meta":"","header-above-stick-meta":"","header-main-stick-meta":"","header-below-stick-meta":""},"categories":[1],"tags":[],"acf":[],"yoast_head":"<!-- This site is optimized with the Yoast SEO plugin v18.1 - https:\/\/yoast.com\/wordpress\/plugins\/seo\/ -->\n<title>A\u00f1o de la Rehabilitaci\u00f3n Sostenible - Soluciones para la construcci\u00f3n<\/title>\n<meta name=\"description\" content=\"Uno de los eventos que m\u00e1s \u00e9xito tiene entre los profesionales son las \u00abMa\u00f1anas de la edificaci\u00f3n\u00bb jornadas dedicadas a la Rehabilitaci\u00f3n Sostenible.\" \/>\n<meta name=\"robots\" content=\"index, follow, max-snippet:-1, max-image-preview:large, max-video-preview:-1\" \/>\n<link rel=\"canonical\" href=\"https:\/\/www.danosa.com\/es-es\/1970\/01\/ano-de-la-rehabilitacion-sostenible\/\" \/>\n<meta property=\"og:locale\" content=\"es_ES\" \/>\n<meta property=\"og:type\" content=\"article\" \/>\n<meta property=\"og:title\" content=\"A\u00f1o de la Rehabilitaci\u00f3n Sostenible - Soluciones para la construcci\u00f3n\" \/>\n<meta property=\"og:description\" content=\"Uno de los eventos que m\u00e1s \u00e9xito tiene entre los profesionales son las \u00abMa\u00f1anas de la edificaci\u00f3n\u00bb jornadas dedicadas a la Rehabilitaci\u00f3n Sostenible.\" \/>\n<meta property=\"og:url\" content=\"https:\/\/www.danosa.com\/es-es\/1970\/01\/ano-de-la-rehabilitacion-sostenible\/\" \/>\n<meta property=\"og:site_name\" content=\"Danosa | Soluciones para la construcci\u00f3n\" \/>\n<meta property=\"article:publisher\" content=\"https:\/\/www.facebook.com\/aislamientoeimpermeabilizacion\/\" \/>\n<meta property=\"article:published_time\" content=\"1970-01-01T00:00:00+00:00\" \/>\n<meta property=\"article:modified_time\" content=\"2023-11-10T23:15:24+00:00\" \/>\n<meta name=\"twitter:card\" content=\"summary_large_image\" \/>\n<meta name=\"twitter:creator\" content=\"@DANOSA_SPAIN\" \/>\n<meta name=\"twitter:site\" content=\"@DANOSA_SPAIN\" \/>\n<meta name=\"twitter:label1\" content=\"Escrito por\" \/>\n\t<meta name=\"twitter:data1\" content=\"myp\" \/>\n\t<meta name=\"twitter:label2\" content=\"Tiempo de lectura\" \/>\n\t<meta name=\"twitter:data2\" content=\"1 minuto\" \/>\n<script type=\"application\/ld+json\" class=\"yoast-schema-graph\">{\"@context\":\"https:\/\/schema.org\",\"@graph\":[{\"@type\":\"WebSite\",\"@id\":\"https:\/\/www.danosa.com\/es-es\/#website\",\"url\":\"https:\/\/www.danosa.com\/es-es\/\",\"name\":\"Danosa | Soluciones para la construcci\u00f3n\",\"description\":\"Impermeabilizaci\u00f3n, aislamiento ac\u00fastico y t\u00e9rmico\",\"potentialAction\":[{\"@type\":\"SearchAction\",\"target\":{\"@type\":\"EntryPoint\",\"urlTemplate\":\"https:\/\/www.danosa.com\/es-es\/?s={search_term_string}\"},\"query-input\":\"required name=search_term_string\"}],\"inLanguage\":\"es\"},{\"@type\":\"WebPage\",\"@id\":\"https:\/\/www.danosa.com\/es-es\/1970\/01\/ano-de-la-rehabilitacion-sostenible\/#webpage\",\"url\":\"https:\/\/www.danosa.com\/es-es\/1970\/01\/ano-de-la-rehabilitacion-sostenible\/\",\"name\":\"A\u00f1o de la Rehabilitaci\u00f3n Sostenible - Soluciones para la construcci\u00f3n\",\"isPartOf\":{\"@id\":\"https:\/\/www.danosa.com\/es-es\/#website\"},\"datePublished\":\"1970-01-01T00:00:00+00:00\",\"dateModified\":\"2023-11-10T23:15:24+00:00\",\"author\":{\"@id\":\"https:\/\/www.danosa.com\/es-es\/#\/schema\/person\/1ffaf127bc8210b792407f6e87f3c330\"},\"description\":\"Uno de los eventos que m\u00e1s \u00e9xito tiene entre los profesionales son las \u00abMa\u00f1anas de la edificaci\u00f3n\u00bb jornadas dedicadas a la Rehabilitaci\u00f3n Sostenible.\",\"breadcrumb\":{\"@id\":\"https:\/\/www.danosa.com\/es-es\/1970\/01\/ano-de-la-rehabilitacion-sostenible\/#breadcrumb\"},\"inLanguage\":\"es\",\"potentialAction\":[{\"@type\":\"ReadAction\",\"target\":[\"https:\/\/www.danosa.com\/es-es\/1970\/01\/ano-de-la-rehabilitacion-sostenible\/\"]}]},{\"@type\":\"BreadcrumbList\",\"@id\":\"https:\/\/www.danosa.com\/es-es\/1970\/01\/ano-de-la-rehabilitacion-sostenible\/#breadcrumb\",\"itemListElement\":[{\"@type\":\"ListItem\",\"position\":1,\"name\":\"Portada\",\"item\":\"https:\/\/www.danosa.com\/es-es\/\"},{\"@type\":\"ListItem\",\"position\":2,\"name\":\"A\u00f1o de la Rehabilitaci\u00f3n Sostenible\"}]},{\"@type\":\"Person\",\"@id\":\"https:\/\/www.danosa.com\/es-es\/#\/schema\/person\/1ffaf127bc8210b792407f6e87f3c330\",\"name\":\"myp\",\"image\":{\"@type\":\"ImageObject\",\"@id\":\"https:\/\/www.danosa.com\/es-es\/#personlogo\",\"inLanguage\":\"es\",\"url\":\"https:\/\/secure.gravatar.com\/avatar\/fe605bdcbf75c6c57cb3943e4b9ed9af?s=96&d=mm&r=g\",\"contentUrl\":\"https:\/\/secure.gravatar.com\/avatar\/fe605bdcbf75c6c57cb3943e4b9ed9af?s=96&d=mm&r=g\",\"caption\":\"myp\"},\"sameAs\":[\"https:\/\/www.danosa.com\"]}]}<\/script>\n<!-- \/ Yoast SEO plugin. -->","yoast_head_json":{"title":"A\u00f1o de la Rehabilitaci\u00f3n Sostenible - Soluciones para la construcci\u00f3n","description":"Uno de los eventos que m\u00e1s \u00e9xito tiene entre los profesionales son las \u00abMa\u00f1anas de la edificaci\u00f3n\u00bb jornadas dedicadas a la Rehabilitaci\u00f3n Sostenible.","robots":{"index":"index","follow":"follow","max-snippet":"max-snippet:-1","max-image-preview":"max-image-preview:large","max-video-preview":"max-video-preview:-1"},"canonical":"https:\/\/www.danosa.com\/es-es\/1970\/01\/ano-de-la-rehabilitacion-sostenible\/","og_locale":"es_ES","og_type":"article","og_title":"A\u00f1o de la Rehabilitaci\u00f3n Sostenible - Soluciones para la construcci\u00f3n","og_description":"Uno de los eventos que m\u00e1s \u00e9xito tiene entre los profesionales son las \u00abMa\u00f1anas de la edificaci\u00f3n\u00bb jornadas dedicadas a la Rehabilitaci\u00f3n Sostenible.","og_url":"https:\/\/www.danosa.com\/es-es\/1970\/01\/ano-de-la-rehabilitacion-sostenible\/","og_site_name":"Danosa | Soluciones para la construcci\u00f3n","article_publisher":"https:\/\/www.facebook.com\/aislamientoeimpermeabilizacion\/","article_published_time":"1970-01-01T00:00:00+00:00","article_modified_time":"2023-11-10T23:15:24+00:00","twitter_card":"summary_large_image","twitter_creator":"@DANOSA_SPAIN","twitter_site":"@DANOSA_SPAIN","twitter_misc":{"Escrito por":"myp","Tiempo de lectura":"1 minuto"},"schema":{"@context":"https:\/\/schema.org","@graph":[{"@type":"WebSite","@id":"https:\/\/www.danosa.com\/es-es\/#website","url":"https:\/\/www.danosa.com\/es-es\/","name":"Danosa | Soluciones para la construcci\u00f3n","description":"Impermeabilizaci\u00f3n, aislamiento ac\u00fastico y t\u00e9rmico","potentialAction":[{"@type":"SearchAction","target":{"@type":"EntryPoint","urlTemplate":"https:\/\/www.danosa.com\/es-es\/?s={search_term_string}"},"query-input":"required name=search_term_string"}],"inLanguage":"es"},{"@type":"WebPage","@id":"https:\/\/www.danosa.com\/es-es\/1970\/01\/ano-de-la-rehabilitacion-sostenible\/#webpage","url":"https:\/\/www.danosa.com\/es-es\/1970\/01\/ano-de-la-rehabilitacion-sostenible\/","name":"A\u00f1o de la Rehabilitaci\u00f3n Sostenible - Soluciones para la construcci\u00f3n","isPartOf":{"@id":"https:\/\/www.danosa.com\/es-es\/#website"},"datePublished":"1970-01-01T00:00:00+00:00","dateModified":"2023-11-10T23:15:24+00:00","author":{"@id":"https:\/\/www.danosa.com\/es-es\/#\/schema\/person\/1ffaf127bc8210b792407f6e87f3c330"},"description":"Uno de los eventos que m\u00e1s \u00e9xito tiene entre los profesionales son las \u00abMa\u00f1anas de la edificaci\u00f3n\u00bb jornadas dedicadas a la Rehabilitaci\u00f3n Sostenible.","breadcrumb":{"@id":"https:\/\/www.danosa.com\/es-es\/1970\/01\/ano-de-la-rehabilitacion-sostenible\/#breadcrumb"},"inLanguage":"es","potentialAction":[{"@type":"ReadAction","target":["https:\/\/www.danosa.com\/es-es\/1970\/01\/ano-de-la-rehabilitacion-sostenible\/"]}]},{"@type":"BreadcrumbList","@id":"https:\/\/www.danosa.com\/es-es\/1970\/01\/ano-de-la-rehabilitacion-sostenible\/#breadcrumb","itemListElement":[{"@type":"ListItem","position":1,"name":"Portada","item":"https:\/\/www.danosa.com\/es-es\/"},{"@type":"ListItem","position":2,"name":"A\u00f1o de la Rehabilitaci\u00f3n Sostenible"}]},{"@type":"Person","@id":"https:\/\/www.danosa.com\/es-es\/#\/schema\/person\/1ffaf127bc8210b792407f6e87f3c330","name":"myp","image":{"@type":"ImageObject","@id":"https:\/\/www.danosa.com\/es-es\/#personlogo","inLanguage":"es","url":"https:\/\/secure.gravatar.com\/avatar\/fe605bdcbf75c6c57cb3943e4b9ed9af?s=96&d=mm&r=g","contentUrl":"https:\/\/secure.gravatar.com\/avatar\/fe605bdcbf75c6c57cb3943e4b9ed9af?s=96&d=mm&r=g","caption":"myp"},"sameAs":["https:\/\/www.danosa.com"]}]}},"_links":{"self":[{"href":"https:\/\/www.danosa.com\/es-es\/wp-json\/wp\/v2\/posts\/490"}],"collection":[{"href":"https:\/\/www.danosa.com\/es-es\/wp-json\/wp\/v2\/posts"}],"about":[{"href":"https:\/\/www.danosa.com\/es-es\/wp-json\/wp\/v2\/types\/post"}],"author":[{"embeddable":true,"href":"https:\/\/www.danosa.com\/es-es\/wp-json\/wp\/v2\/users\/1"}],"replies":[{"embeddable":true,"href":"https:\/\/www.danosa.com\/es-es\/wp-json\/wp\/v2\/comments?post=490"}],"version-history":[{"count":4,"href":"https:\/\/www.danosa.com\/es-es\/wp-json\/wp\/v2\/posts\/490\/revisions"}],"predecessor-version":[{"id":12544,"href":"https:\/\/www.danosa.com\/es-es\/wp-json\/wp\/v2\/posts\/490\/revisions\/12544"}],"wp:attachment":[{"href":"https:\/\/www.danosa.com\/es-es\/wp-json\/wp\/v2\/media?parent=490"}],"wp:term":[{"taxonomy":"category","embeddable":true,"href":"https:\/\/www.danosa.com\/es-es\/wp-json\/wp\/v2\/categories?post=490"},{"taxonomy":"post_tag","embeddable":true,"href":"https:\/\/www.danosa.com\/es-es\/wp-json\/wp\/v2\/tags?post=490"}],"curies":[{"name":"wp","href":"https:\/\/api.w.org\/{rel}","templated":true}]}}