{"id":542,"date":"1970-01-01T00:00:00","date_gmt":"1970-01-01T00:00:00","guid":{"rendered":"https:\/\/www.danosa.com\/es-es\/blog\/2021\/07\/06\/el-aislamiento-acstico-reduce-hasta-en-un-70-el-ruido-en-casa\/"},"modified":"2023-11-11T01:03:23","modified_gmt":"2023-11-11T00:03:23","slug":"primark-se-suma-a-la-impermeabilizacion-de-danosa","status":"publish","type":"post","link":"https:\/\/www.danosa.com\/es-es\/1970\/01\/primark-se-suma-a-la-impermeabilizacion-de-danosa\/","title":{"rendered":"Primark se suma a la impermeabilizaci\u00f3n de Danosa"},"content":{"rendered":"<p>*Fuimos noticia por\u2026<\/p>\n<p>Danosa impermeabiliza el centro log\u00edstico de Primark en Guadalajara<\/p>\n<p>VER NOTA DE PRENSA<\/p>\n","protected":false},"excerpt":{"rendered":"<p>Danosa tambi\u00e9n ha participado en la rehabilitaci\u00f3n de la impermeabilizaci\u00f3n de la cubierta del centro log\u00edstico de Primark que da servicio a Espa\u00f1a, Portugal y el sur de Francia. Para evitar filtraciones de agua y mantener las instalaciones libres de humedades, Danosa ha suministrado 40.705 m2 de l\u00e1minas impermeabilizantes de PVC Danopol, una superficie equivalente a cuatro campos de f\u00fatbol.<\/p>\n","protected":false},"author":1,"featured_media":544,"comment_status":"open","ping_status":"open","sticky":false,"template":"","format":"standard","meta":{"inline_featured_image":false,"site-sidebar-layout":"default","site-content-layout":"default","ast-main-header-display":"","ast-hfb-above-header-display":"","ast-hfb-below-header-display":"","ast-hfb-mobile-header-display":"","site-post-title":"","ast-breadcrumbs-content":"","ast-featured-img":"","footer-sml-layout":"","theme-transparent-header-meta":"","adv-header-id-meta":"","stick-header-meta":"","header-above-stick-meta":"","header-main-stick-meta":"","header-below-stick-meta":""},"categories":[1],"tags":[],"acf":[],"yoast_head":"<!-- This site is optimized with the Yoast SEO plugin v18.1 - https:\/\/yoast.com\/wordpress\/plugins\/seo\/ -->\n<title>Primark apuesta por los sistemas de impermeabilizaci\u00f3n de Danosa<\/title>\n<meta name=\"description\" content=\"El nuevo centro log\u00edstico de Primark en Guadalajara ha usado en su construcci\u00f3n la amplia gama de productos y soluciones impermeabilizantes de Danosa.\" \/>\n<meta name=\"robots\" content=\"index, follow, max-snippet:-1, max-image-preview:large, max-video-preview:-1\" \/>\n<link rel=\"canonical\" href=\"https:\/\/www.danosa.com\/es-es\/1970\/01\/primark-se-suma-a-la-impermeabilizacion-de-danosa\/\" \/>\n<meta property=\"og:locale\" content=\"es_ES\" \/>\n<meta property=\"og:type\" content=\"article\" \/>\n<meta property=\"og:title\" content=\"Primark apuesta por los sistemas de impermeabilizaci\u00f3n de Danosa\" \/>\n<meta property=\"og:description\" content=\"El nuevo centro log\u00edstico de Primark en Guadalajara ha usado en su construcci\u00f3n la amplia gama de productos y soluciones impermeabilizantes de Danosa.\" \/>\n<meta property=\"og:url\" content=\"https:\/\/www.danosa.com\/es-es\/1970\/01\/primark-se-suma-a-la-impermeabilizacion-de-danosa\/\" \/>\n<meta property=\"og:site_name\" content=\"Danosa | Soluciones para la construcci\u00f3n\" \/>\n<meta property=\"article:publisher\" content=\"https:\/\/www.facebook.com\/aislamientoeimpermeabilizacion\/\" \/>\n<meta property=\"article:published_time\" content=\"1970-01-01T00:00:00+00:00\" \/>\n<meta property=\"article:modified_time\" content=\"2023-11-11T00:03:23+00:00\" \/>\n<meta property=\"og:image\" content=\"https:\/\/www.danosa.com\/es-es\/wp-content\/uploads\/sites\/2\/2021\/07\/NoticiasDetalle_FOTO-imperm_primark-L1-1.jpg\" \/>\n\t<meta property=\"og:image:width\" content=\"180\" \/>\n\t<meta property=\"og:image:height\" content=\"90\" \/>\n\t<meta property=\"og:image:type\" content=\"image\/jpeg\" \/>\n<meta name=\"twitter:card\" content=\"summary_large_image\" \/>\n<meta name=\"twitter:creator\" content=\"@DANOSA_SPAIN\" \/>\n<meta name=\"twitter:site\" content=\"@DANOSA_SPAIN\" \/>\n<meta name=\"twitter:label1\" content=\"Escrito por\" \/>\n\t<meta name=\"twitter:data1\" content=\"myp\" \/>\n\t<meta name=\"twitter:label2\" content=\"Tiempo de lectura\" \/>\n\t<meta name=\"twitter:data2\" content=\"1 minuto\" \/>\n<script type=\"application\/ld+json\" class=\"yoast-schema-graph\">{\"@context\":\"https:\/\/schema.org\",\"@graph\":[{\"@type\":\"WebSite\",\"@id\":\"https:\/\/www.danosa.com\/es-es\/#website\",\"url\":\"https:\/\/www.danosa.com\/es-es\/\",\"name\":\"Danosa | Soluciones para la construcci\u00f3n\",\"description\":\"Impermeabilizaci\u00f3n, aislamiento ac\u00fastico y t\u00e9rmico\",\"potentialAction\":[{\"@type\":\"SearchAction\",\"target\":{\"@type\":\"EntryPoint\",\"urlTemplate\":\"https:\/\/www.danosa.com\/es-es\/?s={search_term_string}\"},\"query-input\":\"required name=search_term_string\"}],\"inLanguage\":\"es\"},{\"@type\":\"ImageObject\",\"@id\":\"https:\/\/www.danosa.com\/es-es\/1970\/01\/primark-se-suma-a-la-impermeabilizacion-de-danosa\/#primaryimage\",\"inLanguage\":\"es\",\"url\":\"https:\/\/www.danosa.com\/es-es\/wp-content\/uploads\/sites\/2\/2021\/07\/NoticiasDetalle_FOTO-imperm_primark-L1-1.jpg\",\"contentUrl\":\"https:\/\/www.danosa.com\/es-es\/wp-content\/uploads\/sites\/2\/2021\/07\/NoticiasDetalle_FOTO-imperm_primark-L1-1.jpg\",\"width\":180,\"height\":90,\"caption\":\"Primark apuesta por impermeabilizacion Danosa\"},{\"@type\":\"WebPage\",\"@id\":\"https:\/\/www.danosa.com\/es-es\/1970\/01\/primark-se-suma-a-la-impermeabilizacion-de-danosa\/#webpage\",\"url\":\"https:\/\/www.danosa.com\/es-es\/1970\/01\/primark-se-suma-a-la-impermeabilizacion-de-danosa\/\",\"name\":\"Primark apuesta por los sistemas de impermeabilizaci\u00f3n de Danosa\",\"isPartOf\":{\"@id\":\"https:\/\/www.danosa.com\/es-es\/#website\"},\"primaryImageOfPage\":{\"@id\":\"https:\/\/www.danosa.com\/es-es\/1970\/01\/primark-se-suma-a-la-impermeabilizacion-de-danosa\/#primaryimage\"},\"datePublished\":\"1970-01-01T00:00:00+00:00\",\"dateModified\":\"2023-11-11T00:03:23+00:00\",\"author\":{\"@id\":\"https:\/\/www.danosa.com\/es-es\/#\/schema\/person\/1ffaf127bc8210b792407f6e87f3c330\"},\"description\":\"El nuevo centro log\u00edstico de Primark en Guadalajara ha usado en su construcci\u00f3n la amplia gama de productos y soluciones impermeabilizantes de Danosa.\",\"breadcrumb\":{\"@id\":\"https:\/\/www.danosa.com\/es-es\/1970\/01\/primark-se-suma-a-la-impermeabilizacion-de-danosa\/#breadcrumb\"},\"inLanguage\":\"es\",\"potentialAction\":[{\"@type\":\"ReadAction\",\"target\":[\"https:\/\/www.danosa.com\/es-es\/1970\/01\/primark-se-suma-a-la-impermeabilizacion-de-danosa\/\"]}]},{\"@type\":\"BreadcrumbList\",\"@id\":\"https:\/\/www.danosa.com\/es-es\/1970\/01\/primark-se-suma-a-la-impermeabilizacion-de-danosa\/#breadcrumb\",\"itemListElement\":[{\"@type\":\"ListItem\",\"position\":1,\"name\":\"Portada\",\"item\":\"https:\/\/www.danosa.com\/es-es\/\"},{\"@type\":\"ListItem\",\"position\":2,\"name\":\"Primark se suma a la impermeabilizaci\u00f3n de Danosa\"}]},{\"@type\":\"Person\",\"@id\":\"https:\/\/www.danosa.com\/es-es\/#\/schema\/person\/1ffaf127bc8210b792407f6e87f3c330\",\"name\":\"myp\",\"image\":{\"@type\":\"ImageObject\",\"@id\":\"https:\/\/www.danosa.com\/es-es\/#personlogo\",\"inLanguage\":\"es\",\"url\":\"https:\/\/secure.gravatar.com\/avatar\/fe605bdcbf75c6c57cb3943e4b9ed9af?s=96&d=mm&r=g\",\"contentUrl\":\"https:\/\/secure.gravatar.com\/avatar\/fe605bdcbf75c6c57cb3943e4b9ed9af?s=96&d=mm&r=g\",\"caption\":\"myp\"},\"sameAs\":[\"https:\/\/www.danosa.com\"]}]}<\/script>\n<!-- \/ Yoast SEO plugin. -->","yoast_head_json":{"title":"Primark apuesta por los sistemas de impermeabilizaci\u00f3n de Danosa","description":"El nuevo centro log\u00edstico de Primark en Guadalajara ha usado en su construcci\u00f3n la amplia gama de productos y soluciones impermeabilizantes de Danosa.","robots":{"index":"index","follow":"follow","max-snippet":"max-snippet:-1","max-image-preview":"max-image-preview:large","max-video-preview":"max-video-preview:-1"},"canonical":"https:\/\/www.danosa.com\/es-es\/1970\/01\/primark-se-suma-a-la-impermeabilizacion-de-danosa\/","og_locale":"es_ES","og_type":"article","og_title":"Primark apuesta por los sistemas de impermeabilizaci\u00f3n de Danosa","og_description":"El nuevo centro log\u00edstico de Primark en Guadalajara ha usado en su construcci\u00f3n la amplia gama de productos y soluciones impermeabilizantes de Danosa.","og_url":"https:\/\/www.danosa.com\/es-es\/1970\/01\/primark-se-suma-a-la-impermeabilizacion-de-danosa\/","og_site_name":"Danosa | Soluciones para la construcci\u00f3n","article_publisher":"https:\/\/www.facebook.com\/aislamientoeimpermeabilizacion\/","article_published_time":"1970-01-01T00:00:00+00:00","article_modified_time":"2023-11-11T00:03:23+00:00","og_image":[{"width":180,"height":90,"url":"https:\/\/www.danosa.com\/es-es\/wp-content\/uploads\/sites\/2\/2021\/07\/NoticiasDetalle_FOTO-imperm_primark-L1-1.jpg","type":"image\/jpeg"}],"twitter_card":"summary_large_image","twitter_creator":"@DANOSA_SPAIN","twitter_site":"@DANOSA_SPAIN","twitter_misc":{"Escrito por":"myp","Tiempo de lectura":"1 minuto"},"schema":{"@context":"https:\/\/schema.org","@graph":[{"@type":"WebSite","@id":"https:\/\/www.danosa.com\/es-es\/#website","url":"https:\/\/www.danosa.com\/es-es\/","name":"Danosa | Soluciones para la construcci\u00f3n","description":"Impermeabilizaci\u00f3n, aislamiento ac\u00fastico y t\u00e9rmico","potentialAction":[{"@type":"SearchAction","target":{"@type":"EntryPoint","urlTemplate":"https:\/\/www.danosa.com\/es-es\/?s={search_term_string}"},"query-input":"required name=search_term_string"}],"inLanguage":"es"},{"@type":"ImageObject","@id":"https:\/\/www.danosa.com\/es-es\/1970\/01\/primark-se-suma-a-la-impermeabilizacion-de-danosa\/#primaryimage","inLanguage":"es","url":"https:\/\/www.danosa.com\/es-es\/wp-content\/uploads\/sites\/2\/2021\/07\/NoticiasDetalle_FOTO-imperm_primark-L1-1.jpg","contentUrl":"https:\/\/www.danosa.com\/es-es\/wp-content\/uploads\/sites\/2\/2021\/07\/NoticiasDetalle_FOTO-imperm_primark-L1-1.jpg","width":180,"height":90,"caption":"Primark apuesta por impermeabilizacion Danosa"},{"@type":"WebPage","@id":"https:\/\/www.danosa.com\/es-es\/1970\/01\/primark-se-suma-a-la-impermeabilizacion-de-danosa\/#webpage","url":"https:\/\/www.danosa.com\/es-es\/1970\/01\/primark-se-suma-a-la-impermeabilizacion-de-danosa\/","name":"Primark apuesta por los sistemas de impermeabilizaci\u00f3n de Danosa","isPartOf":{"@id":"https:\/\/www.danosa.com\/es-es\/#website"},"primaryImageOfPage":{"@id":"https:\/\/www.danosa.com\/es-es\/1970\/01\/primark-se-suma-a-la-impermeabilizacion-de-danosa\/#primaryimage"},"datePublished":"1970-01-01T00:00:00+00:00","dateModified":"2023-11-11T00:03:23+00:00","author":{"@id":"https:\/\/www.danosa.com\/es-es\/#\/schema\/person\/1ffaf127bc8210b792407f6e87f3c330"},"description":"El nuevo centro log\u00edstico de Primark en Guadalajara ha usado en su construcci\u00f3n la amplia gama de productos y soluciones impermeabilizantes de Danosa.","breadcrumb":{"@id":"https:\/\/www.danosa.com\/es-es\/1970\/01\/primark-se-suma-a-la-impermeabilizacion-de-danosa\/#breadcrumb"},"inLanguage":"es","potentialAction":[{"@type":"ReadAction","target":["https:\/\/www.danosa.com\/es-es\/1970\/01\/primark-se-suma-a-la-impermeabilizacion-de-danosa\/"]}]},{"@type":"BreadcrumbList","@id":"https:\/\/www.danosa.com\/es-es\/1970\/01\/primark-se-suma-a-la-impermeabilizacion-de-danosa\/#breadcrumb","itemListElement":[{"@type":"ListItem","position":1,"name":"Portada","item":"https:\/\/www.danosa.com\/es-es\/"},{"@type":"ListItem","position":2,"name":"Primark se suma a la impermeabilizaci\u00f3n de Danosa"}]},{"@type":"Person","@id":"https:\/\/www.danosa.com\/es-es\/#\/schema\/person\/1ffaf127bc8210b792407f6e87f3c330","name":"myp","image":{"@type":"ImageObject","@id":"https:\/\/www.danosa.com\/es-es\/#personlogo","inLanguage":"es","url":"https:\/\/secure.gravatar.com\/avatar\/fe605bdcbf75c6c57cb3943e4b9ed9af?s=96&d=mm&r=g","contentUrl":"https:\/\/secure.gravatar.com\/avatar\/fe605bdcbf75c6c57cb3943e4b9ed9af?s=96&d=mm&r=g","caption":"myp"},"sameAs":["https:\/\/www.danosa.com"]}]}},"_links":{"self":[{"href":"https:\/\/www.danosa.com\/es-es\/wp-json\/wp\/v2\/posts\/542"}],"collection":[{"href":"https:\/\/www.danosa.com\/es-es\/wp-json\/wp\/v2\/posts"}],"about":[{"href":"https:\/\/www.danosa.com\/es-es\/wp-json\/wp\/v2\/types\/post"}],"author":[{"embeddable":true,"href":"https:\/\/www.danosa.com\/es-es\/wp-json\/wp\/v2\/users\/1"}],"replies":[{"embeddable":true,"href":"https:\/\/www.danosa.com\/es-es\/wp-json\/wp\/v2\/comments?post=542"}],"version-history":[{"count":5,"href":"https:\/\/www.danosa.com\/es-es\/wp-json\/wp\/v2\/posts\/542\/revisions"}],"predecessor-version":[{"id":12521,"href":"https:\/\/www.danosa.com\/es-es\/wp-json\/wp\/v2\/posts\/542\/revisions\/12521"}],"wp:featuredmedia":[{"embeddable":true,"href":"https:\/\/www.danosa.com\/es-es\/wp-json\/wp\/v2\/media\/544"}],"wp:attachment":[{"href":"https:\/\/www.danosa.com\/es-es\/wp-json\/wp\/v2\/media?parent=542"}],"wp:term":[{"taxonomy":"category","embeddable":true,"href":"https:\/\/www.danosa.com\/es-es\/wp-json\/wp\/v2\/categories?post=542"},{"taxonomy":"post_tag","embeddable":true,"href":"https:\/\/www.danosa.com\/es-es\/wp-json\/wp\/v2\/tags?post=542"}],"curies":[{"name":"wp","href":"https:\/\/api.w.org\/{rel}","templated":true}]}}